{"id":1716,"date":"2026-07-01T16:26:00","date_gmt":"2026-07-01T15:26:00","guid":{"rendered":"https:\/\/medianet-formation.com\/?p=1716"},"modified":"2026-08-15T01:04:27","modified_gmt":"2026-08-15T00:04:27","slug":"special-vacances-2026","status":"publish","type":"post","link":"https:\/\/medianet-formation.com\/?p=1716","title":{"rendered":"Sp\u00e9cial Vacances 2026: des vacances utiles pour vos enfants."},"content":{"rendered":"\n<h2 class=\"wp-block-heading\">Medianet Formation accompagne les enfants et les jeunes dans la d\u00e9couverte du num\u00e9rique<\/h2>\n\n\n\n<p class=\"wp-block-paragraph\">Les vacances scolaires sont une p\u00e9riode id\u00e9ale pour se reposer, mais aussi pour apprendre autrement. Dans un monde o\u00f9 le num\u00e9rique occupe une place de plus en plus importante, il devient essentiel d\u2019initier les enfants, les \u00e9l\u00e8ves et les jeunes aux outils informatiques d\u00e8s le bas \u00e2ge.<\/p>\n\n\n\n<p class=\"wp-block-paragraph\">C\u2019est dans cette dynamique que <strong>Medianet Formation<\/strong> lance son programme <strong>\u00ab Sp\u00e9cial Vacances 2026 \u00bb<\/strong>, une formation pratique, accessible et adapt\u00e9e aux enfants \u00e0 partir de 7 ans, aux \u00e9l\u00e8ves, aux \u00e9tudiants et m\u00eame aux adultes souhaitant renforcer leurs comp\u00e9tences num\u00e9riques.<\/p>\n\n\n\n<h2 class=\"wp-block-heading\">Des vacances utiles, intelligentes et productives<\/h2>\n\n\n\n<p class=\"wp-block-paragraph\">Le programme <strong>Sp\u00e9cial Vacances<\/strong> a \u00e9t\u00e9 con\u00e7u pour permettre aux apprenants de profiter de leurs vacances tout en d\u00e9veloppant des comp\u00e9tences concr\u00e8tes. \u00c0 travers une approche pratique, progressive et encadr\u00e9e, les participants d\u00e9couvrent l\u2019univers de l\u2019informatique, de la bureautique, de l\u2019intelligence artificielle, de la programmation et de l\u2019infographie.<\/p>\n\n\n\n<p class=\"wp-block-paragraph\">L\u2019objectif est simple : transformer les vacances en une v\u00e9ritable opportunit\u00e9 d\u2019apprentissage, de cr\u00e9ativit\u00e9 et d\u2019ouverture vers les m\u00e9tiers du futur.<\/p>\n\n\n\n<h2 class=\"wp-block-heading\">Au programme de cette 9e \u00e9dition<\/h2>\n\n\n\n<p class=\"wp-block-paragraph\">Pour cette nouvelle \u00e9dition, Medianet Formation propose plusieurs modules adapt\u00e9s aux besoins actuels :<\/p>\n\n\n\n<p class=\"wp-block-paragraph\"><strong>Initiation \u00e0 l\u2019informatique<\/strong> : pour apprendre \u00e0 utiliser correctement un ordinateur, comprendre les bases du num\u00e9rique et gagner en autonomie.<\/p>\n\n\n\n<p class=\"wp-block-paragraph\"><strong>Intelligence Artificielle<\/strong> : pour d\u00e9couvrir les outils modernes d\u2019IA et comprendre comment ils peuvent \u00eatre utilis\u00e9s de mani\u00e8re utile et responsable.<\/p>\n\n\n\n<p class=\"wp-block-paragraph\"><strong>Initiation \u00e0 la programmation<\/strong> : pour d\u00e9velopper la logique, la cr\u00e9ativit\u00e9 et les bases du raisonnement informatique.<\/p>\n\n\n\n<p class=\"wp-block-paragraph\"><strong>Bureautique<\/strong> : pour apprendre ou renforcer l\u2019utilisation des logiciels de traitement de texte, tableur et pr\u00e9sentation.<\/p>\n\n\n\n<p class=\"wp-block-paragraph\"><strong>Infographie<\/strong> : pour initier les apprenants \u00e0 la cr\u00e9ation visuelle, au design graphique et \u00e0 la communication digitale.<\/p>\n\n\n\n<h2 class=\"wp-block-heading\">Une formation accessible avec des prix promotionnels<\/h2>\n\n\n\n<p class=\"wp-block-paragraph\">Dans le cadre de cette campagne sp\u00e9ciale vacances, Medianet Formation propose des tarifs promotionnels allant jusqu\u2019\u00e0 <strong>-60%<\/strong>, afin de permettre au plus grand nombre de b\u00e9n\u00e9ficier d\u2019une formation de qualit\u00e9.<\/p>\n\n\n\n<p class=\"wp-block-paragraph\">Les frais de formation sont adapt\u00e9s selon les profils :<\/p>\n\n\n\n<p class=\"wp-block-paragraph\"><strong>Enfants \u00e0 partir de 7 ans : 20 000 F<\/strong><br><strong>\u00c9tudiants : 25 000 F<\/strong><br><strong>Adultes : 35 000 F<\/strong><br><strong>Infographie en 3 mois : 130 000 F<\/strong><br><strong>Bureautique en 3 mois : 100 000 F<\/strong><\/p>\n\n\n\n<p class=\"wp-block-paragraph\">L\u2019offre est valable uniquement pour la p\u00e9riode allant du <strong>1er juin au 30 septembre 2026<\/strong>.<\/p>\n\n\n\n<h2 class=\"wp-block-heading\">P\u00e9riode de formation<\/h2>\n\n\n\n<p class=\"wp-block-paragraph\">La session sp\u00e9ciale vacances se d\u00e9roulera du :<\/p>\n\n\n\n<p class=\"wp-block-paragraph\"><strong>06 juillet au 07 ao\u00fbt 2026<\/strong><\/p>\n\n\n\n<p class=\"wp-block-paragraph\">Les inscriptions sont d\u00e9j\u00e0 ouvertes et les places sont limit\u00e9es.<\/p>\n\n\n\n<h2 class=\"wp-block-heading\">Pourquoi choisir Medianet Formation ?<\/h2>\n\n\n\n<p class=\"wp-block-paragraph\">Medianet Formation est un centre de formation professionnelle agr\u00e9\u00e9 d\u2019\u00c9tat, engag\u00e9 dans l\u2019accompagnement des jeunes, des \u00e9tudiants, des professionnels et des adultes vers la ma\u00eetrise des outils num\u00e9riques.<\/p>\n\n\n\n<p class=\"wp-block-paragraph\">\u00c0 travers ses formations, le centre met l\u2019accent sur la pratique, l\u2019encadrement personnalis\u00e9, la qualit\u00e9 des enseignements et l\u2019acquisition de comp\u00e9tences directement utiles dans la vie scolaire, universitaire, professionnelle et entrepreneuriale.<\/p>\n\n\n\n<h2 class=\"wp-block-heading\">Inscrivez votre enfant d\u00e8s maintenant<\/h2>\n\n\n\n<p class=\"wp-block-paragraph\">Offrir une formation num\u00e9rique \u00e0 son enfant pendant les vacances, c\u2019est lui donner une longueur d\u2019avance. C\u2019est aussi l\u2019aider \u00e0 d\u00e9velopper sa confiance, sa cr\u00e9ativit\u00e9 et son autonomie face aux outils technologiques.<\/p>\n\n\n\n\n\n<p class=\"wp-block-paragraph\">Pour toute inscription ou information compl\u00e9mentaire, contactez Medianet Formation :<\/p>\n\n\n\n<p class=\"wp-block-paragraph\">&#x1f4de; <strong>655 47 61 68 \/ 679 69 23 77<\/strong><br>&#x1f310; <strong>medianet-formation.com<\/strong><br>&#x1f4cd; Situ\u00e9 \u00e0 <strong>100 m du carrefour Vogt<\/strong>, 50 m avant le carrefour Scalom<\/p>\n\n\n\n<p class=\"wp-block-paragraph\"><strong>Medianet Formation \u2014 Apprendre aujourd\u2019hui, r\u00e9ussir demain.<\/strong><\/p>\n","protected":false},"excerpt":{"rendered":"<p>Medianet Formation accompagne les enfants et les jeunes dans la d\u00e9couverte du num\u00e9rique Les vacances scolaires sont une p\u00e9riode id\u00e9ale pour se reposer, mais\u2026<\/p>\n","protected":false},"author":1,"featured_media":1751,"comment_status":"closed","ping_status":"closed","sticky":false,"template":"","format":"standard","meta":{"pagelayer_contact_templates":[],"_pagelayer_content":"","_monsterinsights_skip_tracking":false,"_joinchat":[],"footnotes":""},"categories":[50,71],"tags":[],"class_list":["post-1716","post","type-post","status-publish","format-standard","has-post-thumbnail","hentry","category-activites-academiques","category-infos"],"aioseo_notices":[],"aioseo_head":"\n\t\t<!-- All in One SEO 5.0.1.1 - aioseo.com -->\n\t<meta name=\"description\" content=\"Les vacances scolaires sont une p\u00e9riode id\u00e9ale pour se reposer, mais aussi pour apprendre autrement. Dans un monde o\u00f9 le num\u00e9rique occupe une place de plus ...\" \/>\n\t<meta name=\"robots\" content=\"max-image-preview:large\" \/>\n\t<meta name=\"author\" content=\"admin\"\/>\n\t<link rel=\"canonical\" href=\"https:\/\/medianet-formation.com\/?p=1716\" \/>\n\t<meta name=\"generator\" content=\"All in One SEO (AIOSEO) 5.0.1.1\" \/>\n\t\t<meta property=\"og:locale\" content=\"fr_FR\" \/>\n\t\t<meta property=\"og:site_name\" content=\"Medianet: ecole d&#039;informatique - Une formation , un emploi\" \/>\n\t\t<meta property=\"og:type\" content=\"article\" \/>\n\t\t<meta property=\"og:title\" content=\"Sp\u00e9cial Vacances 2026: des vacances utiles pour vos enfants. :Medianet Formation\" \/>\n\t\t<meta property=\"og:description\" content=\"Les vacances scolaires sont une p\u00e9riode id\u00e9ale pour se reposer, mais aussi pour apprendre autrement. Dans un monde o\u00f9 le num\u00e9rique occupe une place de plus ...\" \/>\n\t\t<meta property=\"og:url\" content=\"https:\/\/medianet-formation.com\/?p=1716\" \/>\n\t\t<meta property=\"og:image\" content=\"https:\/\/medianet-formation.com\/wp-content\/uploads\/2019\/09\/cropped-cropped-logo-medianet-derrnier-2_02-1.jpg\" \/>\n\t\t<meta property=\"og:image:secure_url\" content=\"https:\/\/medianet-formation.com\/wp-content\/uploads\/2019\/09\/cropped-cropped-logo-medianet-derrnier-2_02-1.jpg\" \/>\n\t\t<meta property=\"og:image:width\" content=\"31\" \/>\n\t\t<meta property=\"og:image:height\" content=\"40\" \/>\n\t\t<meta property=\"article:published_time\" content=\"2026-07-01T15:26:00+00:00\" \/>\n\t\t<meta property=\"article:modified_time\" content=\"2026-08-15T00:04:27+00:00\" \/>\n\t\t<meta property=\"article:publisher\" content=\"https:\/\/www.facebook.com\/formations.medianet\" \/>\n\t\t<meta name=\"twitter:card\" content=\"summary_large_image\" \/>\n\t\t<meta name=\"twitter:title\" content=\"Sp\u00e9cial Vacances 2026: des vacances utiles pour vos enfants. :Medianet Formation\" \/>\n\t\t<meta name=\"twitter:description\" content=\"Les vacances scolaires sont une p\u00e9riode id\u00e9ale pour se reposer, mais aussi pour apprendre autrement. Dans un monde o\u00f9 le num\u00e9rique occupe une place de plus ...\" \/>\n\t\t<meta name=\"twitter:image\" content=\"https:\/\/medianet-formation.com\/wp-content\/uploads\/2019\/09\/cropped-cropped-logo-medianet-derrnier-2_02-1.jpg\" \/>\n\t\t<script type=\"application\/ld+json\" class=\"aioseo-schema\">\n\t\t\t{\"@context\":\"https:\\\/\\\/schema.org\",\"@graph\":[{\"@type\":\"BlogPosting\",\"@id\":\"https:\\\/\\\/medianet-formation.com\\\/?p=1716#blogposting\",\"name\":\"Sp\\u00e9cial Vacances 2026: des vacances utiles pour vos enfants. :Medianet Formation\",\"headline\":\"Sp\\u00e9cial Vacances 2026: des vacances utiles pour vos enfants.\",\"author\":{\"@id\":\"https:\\\/\\\/medianet-formation.com\\\/?author=1#author\"},\"publisher\":{\"@id\":\"https:\\\/\\\/medianet-formation.com\\\/#organization\"},\"image\":{\"@type\":\"ImageObject\",\"url\":\"https:\\\/\\\/medianet-formation.com\\\/wp-content\\\/uploads\\\/2026\\\/07\\\/securite-informatique-formation.png\",\"width\":645,\"height\":283},\"datePublished\":\"2026-07-01T16:26:00+01:00\",\"dateModified\":\"2026-08-15T01:04:27+01:00\",\"inLanguage\":\"fr-FR\",\"mainEntityOfPage\":{\"@id\":\"https:\\\/\\\/medianet-formation.com\\\/?p=1716#webpage\"},\"isPartOf\":{\"@id\":\"https:\\\/\\\/medianet-formation.com\\\/?p=1716#webpage\"},\"articleSection\":\"Activit\\u00e9s Academiques, Infos, Fran\\u00e7ais, pll_6a4536102959c\"},{\"@type\":\"BreadcrumbList\",\"@id\":\"https:\\\/\\\/medianet-formation.com\\\/?p=1716#breadcrumblist\",\"itemListElement\":[{\"@type\":\"ListItem\",\"@id\":\"https:\\\/\\\/medianet-formation.com#listItem\",\"position\":1,\"name\":\"Home\",\"item\":\"https:\\\/\\\/medianet-formation.com\",\"nextItem\":{\"@type\":\"ListItem\",\"@id\":\"https:\\\/\\\/medianet-formation.com\\\/?cat=50#listItem\",\"name\":\"Activit\\u00e9s Academiques\"}},{\"@type\":\"ListItem\",\"@id\":\"https:\\\/\\\/medianet-formation.com\\\/?cat=50#listItem\",\"position\":2,\"name\":\"Activit\\u00e9s Academiques\",\"item\":\"https:\\\/\\\/medianet-formation.com\\\/?cat=50\",\"nextItem\":{\"@type\":\"ListItem\",\"@id\":\"https:\\\/\\\/medianet-formation.com\\\/?p=1716#listItem\",\"name\":\"Sp\\u00e9cial Vacances 2026: des vacances utiles pour vos enfants.\"},\"previousItem\":{\"@type\":\"ListItem\",\"@id\":\"https:\\\/\\\/medianet-formation.com#listItem\",\"name\":\"Home\"}},{\"@type\":\"ListItem\",\"@id\":\"https:\\\/\\\/medianet-formation.com\\\/?p=1716#listItem\",\"position\":3,\"name\":\"Sp\\u00e9cial Vacances 2026: des vacances utiles pour vos enfants.\",\"previousItem\":{\"@type\":\"ListItem\",\"@id\":\"https:\\\/\\\/medianet-formation.com\\\/?cat=50#listItem\",\"name\":\"Activit\\u00e9s Academiques\"}}]},{\"@type\":\"Organization\",\"@id\":\"https:\\\/\\\/medianet-formation.com\\\/#organization\",\"name\":\"Medianet: ecole d'informatique\",\"description\":\"Une formation , un emploi\",\"url\":\"https:\\\/\\\/medianet-formation.com\\\/\",\"email\":\"info@medianet-formation.com\",\"telephone\":\"+237679692377\",\"foundingDate\":\"2011-06-15\",\"logo\":{\"@type\":\"ImageObject\",\"url\":\"https:\\\/\\\/medianet-formation.com\\\/wp-content\\\/uploads\\\/2019\\\/09\\\/cropped-cropped-logo-medianet-derrnier-2_02-1.jpg\",\"@id\":\"https:\\\/\\\/medianet-formation.com\\\/?p=1716\\\/#organizationLogo\",\"width\":31,\"height\":40},\"image\":{\"@id\":\"https:\\\/\\\/medianet-formation.com\\\/?p=1716\\\/#organizationLogo\"},\"sameAs\":[\"https:\\\/\\\/www.facebook.com\\\/formations.medianet\"]},{\"@type\":\"Person\",\"@id\":\"https:\\\/\\\/medianet-formation.com\\\/?author=1#author\",\"url\":\"https:\\\/\\\/medianet-formation.com\\\/?author=1\",\"name\":\"admin\",\"image\":{\"@type\":\"ImageObject\",\"@id\":\"https:\\\/\\\/medianet-formation.com\\\/?p=1716#authorImage\",\"url\":\"https:\\\/\\\/secure.gravatar.com\\\/avatar\\\/b9a83853ee194f1265dbeed1e4c9090f77b0acc9220d4767eb09ddb19e036925?s=96&d=mm&r=g\",\"width\":96,\"height\":96,\"caption\":\"admin\"}},{\"@type\":\"WebPage\",\"@id\":\"https:\\\/\\\/medianet-formation.com\\\/?p=1716#webpage\",\"url\":\"https:\\\/\\\/medianet-formation.com\\\/?p=1716\",\"name\":\"Sp\\u00e9cial Vacances 2026: des vacances utiles pour vos enfants. :Medianet Formation\",\"description\":\"Les vacances scolaires sont une p\\u00e9riode id\\u00e9ale pour se reposer, mais aussi pour apprendre autrement. Dans un monde o\\u00f9 le num\\u00e9rique occupe une place de plus ...\",\"inLanguage\":\"fr-FR\",\"isPartOf\":{\"@id\":\"https:\\\/\\\/medianet-formation.com\\\/#website\"},\"breadcrumb\":{\"@id\":\"https:\\\/\\\/medianet-formation.com\\\/?p=1716#breadcrumblist\"},\"author\":{\"@id\":\"https:\\\/\\\/medianet-formation.com\\\/?author=1#author\"},\"creator\":{\"@id\":\"https:\\\/\\\/medianet-formation.com\\\/?author=1#author\"},\"image\":{\"@type\":\"ImageObject\",\"url\":\"https:\\\/\\\/medianet-formation.com\\\/wp-content\\\/uploads\\\/2026\\\/07\\\/securite-informatique-formation.png\",\"@id\":\"https:\\\/\\\/medianet-formation.com\\\/?p=1716\\\/#mainImage\",\"width\":645,\"height\":283},\"primaryImageOfPage\":{\"@id\":\"https:\\\/\\\/medianet-formation.com\\\/?p=1716#mainImage\"},\"datePublished\":\"2026-07-01T16:26:00+01:00\",\"dateModified\":\"2026-08-15T01:04:27+01:00\"},{\"@type\":\"WebSite\",\"@id\":\"https:\\\/\\\/medianet-formation.com\\\/#website\",\"url\":\"https:\\\/\\\/medianet-formation.com\\\/\",\"name\":\"Medianet: ecole d'informatique\",\"alternateName\":\"\\u00c9cole d'informatique\",\"description\":\"Une formation , un emploi\",\"inLanguage\":\"fr-FR\",\"publisher\":{\"@id\":\"https:\\\/\\\/medianet-formation.com\\\/#organization\"}}]}\n\t\t<\/script>\n\t\t<!-- All in One SEO -->\n\n","aioseo_head_json":{"title":"Sp\u00e9cial Vacances 2026: des vacances utiles pour vos enfants. :Medianet Formation","description":"Les vacances scolaires sont une p\u00e9riode id\u00e9ale pour se reposer, mais aussi pour apprendre autrement. Dans un monde o\u00f9 le num\u00e9rique occupe une place de plus ...","canonical_url":"https:\/\/medianet-formation.com\/?p=1716","robots":"max-image-preview:large","keywords":"","webmasterTools":{"miscellaneous":""},"schema":{"@context":"https:\/\/schema.org","@graph":[{"@type":"BlogPosting","@id":"https:\/\/medianet-formation.com\/?p=1716#blogposting","name":"Sp\u00e9cial Vacances 2026: des vacances utiles pour vos enfants. :Medianet Formation","headline":"Sp\u00e9cial Vacances 2026: des vacances utiles pour vos enfants.","author":{"@id":"https:\/\/medianet-formation.com\/?author=1#author"},"publisher":{"@id":"https:\/\/medianet-formation.com\/#organization"},"image":{"@type":"ImageObject","url":"https:\/\/medianet-formation.com\/wp-content\/uploads\/2026\/07\/securite-informatique-formation.png","width":645,"height":283},"datePublished":"2026-07-01T16:26:00+01:00","dateModified":"2026-08-15T01:04:27+01:00","inLanguage":"fr-FR","mainEntityOfPage":{"@id":"https:\/\/medianet-formation.com\/?p=1716#webpage"},"isPartOf":{"@id":"https:\/\/medianet-formation.com\/?p=1716#webpage"},"articleSection":"Activit\u00e9s Academiques, Infos, Fran\u00e7ais, pll_6a4536102959c"},{"@type":"BreadcrumbList","@id":"https:\/\/medianet-formation.com\/?p=1716#breadcrumblist","itemListElement":[{"@type":"ListItem","@id":"https:\/\/medianet-formation.com#listItem","position":1,"name":"Home","item":"https:\/\/medianet-formation.com","nextItem":{"@type":"ListItem","@id":"https:\/\/medianet-formation.com\/?cat=50#listItem","name":"Activit\u00e9s Academiques"}},{"@type":"ListItem","@id":"https:\/\/medianet-formation.com\/?cat=50#listItem","position":2,"name":"Activit\u00e9s Academiques","item":"https:\/\/medianet-formation.com\/?cat=50","nextItem":{"@type":"ListItem","@id":"https:\/\/medianet-formation.com\/?p=1716#listItem","name":"Sp\u00e9cial Vacances 2026: des vacances utiles pour vos enfants."},"previousItem":{"@type":"ListItem","@id":"https:\/\/medianet-formation.com#listItem","name":"Home"}},{"@type":"ListItem","@id":"https:\/\/medianet-formation.com\/?p=1716#listItem","position":3,"name":"Sp\u00e9cial Vacances 2026: des vacances utiles pour vos enfants.","previousItem":{"@type":"ListItem","@id":"https:\/\/medianet-formation.com\/?cat=50#listItem","name":"Activit\u00e9s Academiques"}}]},{"@type":"Organization","@id":"https:\/\/medianet-formation.com\/#organization","name":"Medianet: ecole d'informatique","description":"Une formation , un emploi","url":"https:\/\/medianet-formation.com\/","email":"info@medianet-formation.com","telephone":"+237679692377","foundingDate":"2011-06-15","logo":{"@type":"ImageObject","url":"https:\/\/medianet-formation.com\/wp-content\/uploads\/2019\/09\/cropped-cropped-logo-medianet-derrnier-2_02-1.jpg","@id":"https:\/\/medianet-formation.com\/?p=1716\/#organizationLogo","width":31,"height":40},"image":{"@id":"https:\/\/medianet-formation.com\/?p=1716\/#organizationLogo"},"sameAs":["https:\/\/www.facebook.com\/formations.medianet"]},{"@type":"Person","@id":"https:\/\/medianet-formation.com\/?author=1#author","url":"https:\/\/medianet-formation.com\/?author=1","name":"admin","image":{"@type":"ImageObject","@id":"https:\/\/medianet-formation.com\/?p=1716#authorImage","url":"https:\/\/secure.gravatar.com\/avatar\/b9a83853ee194f1265dbeed1e4c9090f77b0acc9220d4767eb09ddb19e036925?s=96&d=mm&r=g","width":96,"height":96,"caption":"admin"}},{"@type":"WebPage","@id":"https:\/\/medianet-formation.com\/?p=1716#webpage","url":"https:\/\/medianet-formation.com\/?p=1716","name":"Sp\u00e9cial Vacances 2026: des vacances utiles pour vos enfants. :Medianet Formation","description":"Les vacances scolaires sont une p\u00e9riode id\u00e9ale pour se reposer, mais aussi pour apprendre autrement. Dans un monde o\u00f9 le num\u00e9rique occupe une place de plus ...","inLanguage":"fr-FR","isPartOf":{"@id":"https:\/\/medianet-formation.com\/#website"},"breadcrumb":{"@id":"https:\/\/medianet-formation.com\/?p=1716#breadcrumblist"},"author":{"@id":"https:\/\/medianet-formation.com\/?author=1#author"},"creator":{"@id":"https:\/\/medianet-formation.com\/?author=1#author"},"image":{"@type":"ImageObject","url":"https:\/\/medianet-formation.com\/wp-content\/uploads\/2026\/07\/securite-informatique-formation.png","@id":"https:\/\/medianet-formation.com\/?p=1716\/#mainImage","width":645,"height":283},"primaryImageOfPage":{"@id":"https:\/\/medianet-formation.com\/?p=1716#mainImage"},"datePublished":"2026-07-01T16:26:00+01:00","dateModified":"2026-08-15T01:04:27+01:00"},{"@type":"WebSite","@id":"https:\/\/medianet-formation.com\/#website","url":"https:\/\/medianet-formation.com\/","name":"Medianet: ecole d'informatique","alternateName":"\u00c9cole d'informatique","description":"Une formation , un emploi","inLanguage":"fr-FR","publisher":{"@id":"https:\/\/medianet-formation.com\/#organization"}}]},"og:locale":"fr_FR","og:site_name":"Medianet: ecole d'informatique - Une formation , un emploi","og:type":"article","og:title":"Sp\u00e9cial Vacances 2026: des vacances utiles pour vos enfants. :Medianet Formation","og:description":"Les vacances scolaires sont une p\u00e9riode id\u00e9ale pour se reposer, mais aussi pour apprendre autrement. Dans un monde o\u00f9 le num\u00e9rique occupe une place de plus ...","og:url":"https:\/\/medianet-formation.com\/?p=1716","og:image":"https:\/\/medianet-formation.com\/wp-content\/uploads\/2019\/09\/cropped-cropped-logo-medianet-derrnier-2_02-1.jpg","og:image:secure_url":"https:\/\/medianet-formation.com\/wp-content\/uploads\/2019\/09\/cropped-cropped-logo-medianet-derrnier-2_02-1.jpg","og:image:width":31,"og:image:height":40,"article:published_time":"2026-07-01T15:26:00+00:00","article:modified_time":"2026-08-15T00:04:27+00:00","article:publisher":"https:\/\/www.facebook.com\/formations.medianet","twitter:card":"summary_large_image","twitter:title":"Sp\u00e9cial Vacances 2026: des vacances utiles pour vos enfants. :Medianet Formation","twitter:description":"Les vacances scolaires sont une p\u00e9riode id\u00e9ale pour se reposer, mais aussi pour apprendre autrement. Dans un monde o\u00f9 le num\u00e9rique occupe une place de plus ...","twitter:image":"https:\/\/medianet-formation.com\/wp-content\/uploads\/2019\/09\/cropped-cropped-logo-medianet-derrnier-2_02-1.jpg"},"aioseo_meta_data":{"post_id":"1716","title":"#post_title :Medianet Formation","description":"Les vacances scolaires sont une p\u00e9riode id\u00e9ale pour se reposer, mais aussi pour apprendre autrement. Dans un monde o\u00f9 le num\u00e9rique occupe une place de plus ...","keywords":null,"keyphrases":{"focus":{"keyphrase":"Vacances","score":85},"additional":[]},"primary_term":null,"canonical_url":null,"og_title":null,"og_description":null,"og_object_type":"default","og_image_type":"default","og_image_url":null,"og_image_width":null,"og_image_height":null,"og_image_custom_url":null,"og_image_custom_fields":null,"og_video":"","og_custom_url":null,"og_article_section":null,"og_article_tags":null,"twitter_use_og":false,"twitter_card":"default","twitter_image_type":"default","twitter_image_url":null,"twitter_image_custom_url":null,"twitter_image_custom_fields":null,"twitter_title":null,"twitter_description":null,"schema":{"blockGraphs":[],"customGraphs":[],"default":{"data":{"Article":[],"Course":[],"Dataset":[],"FAQPage":[],"Movie":[],"Person":[],"Product":[],"ProductReview":[],"Car":[],"Recipe":[],"Service":[],"SoftwareApplication":[],"WebPage":[]},"graphName":"BlogPosting","isEnabled":true},"graphs":[]},"schema_type":"default","schema_type_options":null,"pillar_content":false,"robots_default":true,"robots_noindex":false,"robots_noarchive":false,"robots_nosnippet":false,"robots_nofollow":false,"robots_noimageindex":false,"robots_noodp":false,"robots_notranslate":false,"robots_max_snippet":"-1","robots_max_videopreview":"-1","robots_max_imagepreview":"large","priority":null,"frequency":"default","local_seo":null,"breadcrumb_settings":null,"limit_modified_date":false,"ai":{"faqs":[],"keyPoints":[],"schemas":[],"titles":[],"descriptions":[],"socialPosts":{"email":{"subject":"","preview":"","content":""},"linkedin":[],"twitter":[],"facebook":[],"instagram":[]}},"created":"2026-07-01 15:26:02","updated":"2026-08-15 00:04:28","seo_analyzer_scan_date":null,"focus_keyword":"Vacances","additional_keywords":null,"truseo_locale":null},"aioseo_breadcrumb":"<div class=\"aioseo-breadcrumbs\"><span class=\"aioseo-breadcrumb\">\n\t\t\t<a href=\"https:\/\/medianet-formation.com\" title=\"Home\">Home<\/a>\n\t\t<\/span><span class=\"aioseo-breadcrumb-separator\">&raquo;<\/span><span class=\"aioseo-breadcrumb\">\n\t\t\t<a href=\"https:\/\/medianet-formation.com\/?cat=50\" title=\"Activit\u00e9s Academiques\">Activit\u00e9s Academiques<\/a>\n\t\t<\/span><span class=\"aioseo-breadcrumb-separator\">&raquo;<\/span><span class=\"aioseo-breadcrumb\">\n\t\t\tSp\u00e9cial Vacances 2026: des vacances utiles pour vos enfants.\n\t\t<\/span><\/div>","aioseo_breadcrumb_json":[{"label":"Home","link":"https:\/\/medianet-formation.com"},{"label":"Activit\u00e9s Academiques","link":"https:\/\/medianet-formation.com\/?cat=50"},{"label":"Sp\u00e9cial Vacances 2026: des vacances utiles pour vos enfants.","link":"https:\/\/medianet-formation.com\/?p=1716"}],"_links":{"self":[{"href":"https:\/\/medianet-formation.com\/index.php?rest_route=\/wp\/v2\/posts\/1716","targetHints":{"allow":["GET"]}}],"collection":[{"href":"https:\/\/medianet-formation.com\/index.php?rest_route=\/wp\/v2\/posts"}],"about":[{"href":"https:\/\/medianet-formation.com\/index.php?rest_route=\/wp\/v2\/types\/post"}],"author":[{"embeddable":true,"href":"https:\/\/medianet-formation.com\/index.php?rest_route=\/wp\/v2\/users\/1"}],"replies":[{"embeddable":true,"href":"https:\/\/medianet-formation.com\/index.php?rest_route=%2Fwp%2Fv2%2Fcomments&post=1716"}],"version-history":[{"count":4,"href":"https:\/\/medianet-formation.com\/index.php?rest_route=\/wp\/v2\/posts\/1716\/revisions"}],"predecessor-version":[{"id":1753,"href":"https:\/\/medianet-formation.com\/index.php?rest_route=\/wp\/v2\/posts\/1716\/revisions\/1753"}],"wp:featuredmedia":[{"embeddable":true,"href":"https:\/\/medianet-formation.com\/index.php?rest_route=\/wp\/v2\/media\/1751"}],"wp:attachment":[{"href":"https:\/\/medianet-formation.com\/index.php?rest_route=%2Fwp%2Fv2%2Fmedia&parent=1716"}],"wp:term":[{"taxonomy":"category","embeddable":true,"href":"https:\/\/medianet-formation.com\/index.php?rest_route=%2Fwp%2Fv2%2Fcategories&post=1716"},{"taxonomy":"post_tag","embeddable":true,"href":"https:\/\/medianet-formation.com\/index.php?rest_route=%2Fwp%2Fv2%2Ftags&post=1716"}],"curies":[{"name":"wp","href":"https:\/\/api.w.org\/{rel}","templated":true}]}}